[{"@context":"https:\/\/schema.org\/","@type":"Article","@id":"https:\/\/www.blaped.cz\/dovolena-v-zari-v-tuzemsku\/#Article","mainEntityOfPage":"https:\/\/www.blaped.cz\/dovolena-v-zari-v-tuzemsku\/","headline":"Dovolen\u00e1 v z\u00e1\u0159\u00ed v tuzemsku","name":"Dovolen\u00e1 v z\u00e1\u0159\u00ed v tuzemsku","description":"Tak\u00e9 nem\u00e1te r\u00e1di p\u0159elidn\u011bn\u00e9 rekrea\u010dn\u00ed lokality, kde je hlava na hlav\u011b, a kde nem\u00e1te vlastn\u00ed soukrom\u00ed? Toto jsou typick\u00e9 p\u0159\u00edklady...","datePublished":"2024-08-11","dateModified":"2024-08-11","author":{"@type":"Person","@id":"https:\/\/www.blaped.cz\/author\/#Person","name":"","url":"https:\/\/www.blaped.cz\/author\/","identifier":1,"image":{"@type":"ImageObject","@id":"https:\/\/secure.gravatar.com\/avatar\/2d2e3fdaba6370eba756fb4048c695326686ff29010a0df4d58b27c20544521d?s=96&d=mm&r=g","url":"https:\/\/secure.gravatar.com\/avatar\/2d2e3fdaba6370eba756fb4048c695326686ff29010a0df4d58b27c20544521d?s=96&d=mm&r=g","height":96,"width":96}},"publisher":{"@type":"Organization","name":"blaped.cz","logo":{"@type":"ImageObject","@id":"\/logo.png","url":"\/logo.png","width":600,"height":60}},"image":{"@type":"ImageObject","@id":"https:\/\/www.blaped.cz\/wp-content\/uploads\/czech-budejovice-112165_640_10_1.jpg","url":"https:\/\/www.blaped.cz\/wp-content\/uploads\/czech-budejovice-112165_640_10_1.jpg","height":0,"width":0},"url":"https:\/\/www.blaped.cz\/dovolena-v-zari-v-tuzemsku\/","about":["Firmy"],"wordCount":408,"articleBody":"   Tak\u00e9 nem\u00e1te r\u00e1di p\u0159elidn\u011bn\u00e9 rekrea\u010dn\u00ed lokality, kde je hlava na hlav\u011b, a kde nem\u00e1te vlastn\u00ed soukrom\u00ed? Toto jsou typick\u00e9 p\u0159\u00edklady pobyt\u016f u mo\u0159e, nap\u0159\u00edklad u Jadranu nebo na Costa Brava, kde se na pl\u00e1\u017ei sejde n\u011bkolik stovek rekreant\u016f, v\u0161ichni tu le\u017e\u00ed na leh\u00e1tk\u00e1ch nebo na dek\u00e1ch \u010di osu\u0161k\u00e1ch, a p\u0159ipad\u00e1te si tu jako na fotbalov\u00e9m stadionu, kde je pln\u00e9 hledi\u0161t\u011b, a kde ka\u017ed\u00fd pozoruje sv\u00e9 sousedy v plavk\u00e1ch, nehled\u011b na ty nep\u0159\u00edjemnosti, pokud se tu objev\u00ed n\u011bjak\u00e1 kr\u00e1ska a mu\u017ei na n\u00ed mohou doslova nechat o\u010di. M\u00e1te tohle zapot\u0159eb\u00ed? Mnoha lidem takov\u00e1to dovolen\u00e1 nevyhovuje, a tak si ji napl\u00e1nuj\u00ed bu\u010f mimo hlavn\u00ed sez\u00f3nu, anebo to \u00fapln\u011b vzdaj\u00ed a nam\u00edsto k mo\u0159i jedou jen p\u00e1r stovek kilometr\u016f daleko, t\u0159eba do Ji\u017en\u00edch \u010cech. R\u00e1di bychom v\u00e1m p\u0159ipomn\u011bli, \u017ee byste letos mohli zajistit ubytov\u00e1n\u00ed v centru \u010cesk\u00fdch Bud\u011bjovic Penzion u Rudolfa, anebo kousek d\u00e1l od centra, na okraji m\u011bstsk\u00e9ho parku Stromovka. Vypravte se tam na za\u010d\u00e1tku z\u00e1\u0159\u00ed a vyu\u017eijte tepl\u00e9ho po\u010das\u00ed, kdy obvykle za\u010d\u00edn\u00e1 bab\u00ed l\u00e9to, a podzim je je\u0161t\u011b daleko. D\u011bti za\u010d\u00ednaj\u00ed chodit do \u0161koly a vy tu budete m\u00edt spoustu \u010dasu na sebe a na z\u00e1bavn\u00fd program. Nudit se tu ur\u010dit\u011b nebudete, nebo\u0165 \u010ceskobud\u011bjovicko, T\u0159ebo\u0148sko a \u010ceskokrumlovsko pat\u0159\u00ed k nejkr\u00e1sn\u011bj\u0161\u00edm oblastem na\u0161\u00ed zem\u011b.Na za\u010d\u00e1tku z\u00e1\u0159\u00ed b\u00fdv\u00e1 je\u0161t\u011b velmi teplo a v t\u00e9to dob\u011b je ide\u00e1ln\u00ed pronajmout si lo\u010f a splout si kus Vltavy na horn\u00edm toku a doplout a\u017e do centra Bud\u011bjovic, kde m\u00e1te zaji\u0161t\u011bn\u00e9 ubytov\u00e1n\u00ed. M\u016f\u017eete to napl\u00e1novat jako kombinaci plavby po Vltav\u011b a cykloturistiky a k tomu lze v\u00fdhodn\u011b pronajmout j\u00edzdn\u00ed kola i lod\u011b v mnoha p\u016fj\u010dovn\u00e1ch, co na Vltav\u011b p\u016fsob\u00ed. Na Vltavu se ale vypravujte mimo hlavn\u00ed pr\u00e1zdninov\u00e9 term\u00edny, a rozhodn\u011b vynech\u00e1vejte cel\u00fd \u010dervenec a prvn\u00ed polovinu srpna \u2013 tehdy je tam opravdu plno a va\u0161e dovolen\u00e1 se v\u00e1m ur\u010dit\u011b l\u00edbit nebude. Proto v\u00e1s sm\u011b\u0159ujeme do t\u011bchto m\u00edst v z\u00e1\u0159\u00ed nebo alespo\u0148 posledn\u00ed t\u00fdden v srpnu.                                                                                                                                                                                                                                                                                                                                                                                          3.8\/5 - (5 votes)        "},{"@context":"https:\/\/schema.org\/","@type":"BreadcrumbList","itemListElement":[{"@type":"ListItem","position":1,"name":"Dovolen\u00e1 v z\u00e1\u0159\u00ed v tuzemsku","item":"https:\/\/www.blaped.cz\/dovolena-v-zari-v-tuzemsku\/#breadcrumbitem"}]}]