[{"@context":"https:\/\/schema.org\/","@type":"Article","@id":"https:\/\/www.blaped.cz\/velmi-prakticke-auto\/#Article","mainEntityOfPage":"https:\/\/www.blaped.cz\/velmi-prakticke-auto\/","headline":"Velmi praktick\u00e9 auto","name":"Velmi praktick\u00e9 auto","description":"Kdy\u017e se \u0159ekne automobil, tak co si pod t\u00edm p\u0159edstav\u00edte? Proto\u017ee hodn\u011b lid\u00ed si p\u0159edstav\u00ed takov\u00fd klasick\u00fd osobn\u00ed automobil. J\u00e1...","datePublished":"2022-12-30","dateModified":"2022-12-30","author":{"@type":"Person","@id":"https:\/\/www.blaped.cz\/author\/#Person","name":"","url":"https:\/\/www.blaped.cz\/author\/","identifier":1,"image":{"@type":"ImageObject","@id":"https:\/\/secure.gravatar.com\/avatar\/2d2e3fdaba6370eba756fb4048c695326686ff29010a0df4d58b27c20544521d?s=96&d=mm&r=g","url":"https:\/\/secure.gravatar.com\/avatar\/2d2e3fdaba6370eba756fb4048c695326686ff29010a0df4d58b27c20544521d?s=96&d=mm&r=g","height":96,"width":96}},"publisher":{"@type":"Organization","name":"blaped.cz","logo":{"@type":"ImageObject","@id":"\/logo.png","url":"\/logo.png","width":600,"height":60}},"image":{"@type":"ImageObject","@id":"https:\/\/www.blaped.cz\/wp-content\/uploads\/highway-2679490_1280_4.jpg","url":"https:\/\/www.blaped.cz\/wp-content\/uploads\/highway-2679490_1280_4.jpg","height":0,"width":0},"url":"https:\/\/www.blaped.cz\/velmi-prakticke-auto\/","about":["Auto moto"],"wordCount":424,"articleBody":"Kdy\u017e se \u0159ekne automobil, tak co si pod t\u00edm p\u0159edstav\u00edte? Proto\u017ee hodn\u011b lid\u00ed si p\u0159edstav\u00ed takov\u00fd klasick\u00fd osobn\u00ed automobil. J\u00e1 sice ch\u00e1pu, \u017ee automobil je v dne\u0161n\u00ed dob\u011b opravdu hodn\u011b praktick\u00fd a tak\u00e9 mnoho lid\u00ed se bez automobilu u\u017e neobejde. Ale v\u011b\u0159te mi, \u017ee d\u0159\u00edv byli lid\u00e9, kte\u0159\u00ed v\u016fbec nem\u011bli automobil a tak\u00e9 mi nebudete v\u011b\u0159it, ale i v dne\u0161n\u00ed dob\u011b jsou lid\u00e9, kte\u0159\u00ed tak\u00e9 nemaj\u00ed v\u016fbec automobil. Dok\u00e1\u017eete si to p\u0159edstavit? Tak to m\u016f\u017ee b\u00fdt opravdu hodn\u011b slo\u017eit\u00e9 a hlavn\u011b n\u00e1ro\u010dn\u00e9. T\u0159eba kdy\u017e bydl\u00edte n\u011bkde kde v okol\u00ed, t\u0159eba v okruhu dv\u011b st\u011b metr\u016f, kde nen\u00ed \u017e\u00e1dn\u00fd obchod nebo nemocnice a nebo dokonce \u0161kola nebo \u0161kolka.Tohle mus\u00ed b\u00fdt opravdu hrozn\u00e9. J\u00e1 si nedok\u00e1\u017ei p\u0159edstavit, kdybych bydlela n\u011bkde daleko, jako nap\u0159\u00edklad zm\u00edn\u011bn\u00fdch dv\u011b st\u011b metr\u016f od nejbli\u017e\u0161\u00ed \u0161koly nebo \u0161kolky a nebo obchodu. Proto\u017ee kdy\u017e m\u00e1m mal\u00e9 d\u011bti, tak p\u0159eci je pot\u00e1hnu n\u011bkdy brzy r\u00e1no, t\u0159eba v zim\u011b nebo v de\u0161ti takov\u00fd kus do \u0161kolky nebo do \u0161koly. A nejhor\u0161\u00ed je, kdy\u017e t\u0159eba m\u00e1te d\u011bti pr\u00e1v\u011b ve \u0161kolce nebo v prvn\u00ed i ve druh\u00e9 nebo ve t\u0159et\u00ed t\u0159\u00edd\u011b. Takhle daleko je d\u00e1t nechcete, tak\u017ee si mysl\u00edm, \u017ee pokud nejste bohat\u00ed, \u017ee byste t\u0159eba m\u011bli osobn\u00edho \u0159idi\u010de a nebo volali tax\u00edka, tak to asi jinak nezvl\u00e1dnete.J\u00e1 osobn\u011b bych se asi p\u0159est\u011bhovala n\u011bkam bl\u00ed\u017ee, kdybych nem\u011bla automobil a kdybych bydlela n\u011bkde opravdu daleko od \u0161kolky a od \u0161koly. Sice ten obchod bych zvl\u00e1dla, proto\u017ee kdybych dala d\u011bti do \u0161kolky a do \u0161koly, tak bych si potom do obchodu \u0161la klidn\u011b p\u011b\u0161ky a nebo autobusem, ale kdy\u017e jde o mal\u00e9 d\u011bti, kter\u00e9 opravdu zbo\u017e\u0148uj\u00ed nade v\u0161e a jsou m\u016fj \u017eivot, tak rozhodn\u011b pro sv\u00e9 d\u011bti v\u017edycky chci jenom to nejlep\u0161\u00ed a nechci, aby ka\u017ed\u00e9 r\u00e1no do \u0161kolky chodily t\u0159eba v mrazu nebo v de\u0161ti takhle daleko. Tak\u017ee bu\u010fto bych si po\u0159\u00eddila automobil, a to opravdu co nejrychleji. A klidn\u011b i n\u011bjak\u00fd star\u0161\u00ed, n\u011bjakou starou popelnici, ale jenom hlavn\u011b kv\u016fli tomu, abych d\u011bti mohla vozit do \u0161koly a do \u0161kolky a tak\u00e9 s d\u011btmi mohla jezdit na v\u00fdlety.\u00a0                                                                                                                                                                                                                                                                                                                                                                                        4.3\/5 - (3 votes)        "},{"@context":"https:\/\/schema.org\/","@type":"BreadcrumbList","itemListElement":[{"@type":"ListItem","position":1,"name":"Velmi praktick\u00e9 auto","item":"https:\/\/www.blaped.cz\/velmi-prakticke-auto\/#breadcrumbitem"}]}]